{"id":5404,"date":"2024-03-15T12:50:15","date_gmt":"2024-03-15T11:50:15","guid":{"rendered":"https:\/\/www.adamantic.io\/?p=5404"},"modified":"2026-02-17T14:12:37","modified_gmt":"2026-02-17T13:12:37","slug":"la-blockchain-tutela-quando-lo-stato-latita","status":"publish","type":"post","link":"https:\/\/www.adamantic.io\/en\/la-blockchain-tutela-quando-lo-stato-latita\/","title":{"rendered":"Prega che non capiti a te&#8230;"},"content":{"rendered":"\n<blockquote class=\"wp-block-quote is-layout-flow wp-block-quote-is-layout-flow\">\n<p><\/p>\n<cite>In una societ\u00e0 che estremizza la centralizzazione del potere e fallisce nelle proprie attivit\u00e0 di garanzia \u00e8 sempre pi\u00f9 evidente la necessit\u00e0 di un cambio di paradigma socio-culturale, che miri a restituire al singolo cittadino la propria dignit\u00e0 e il controllo sulla propria dimensione.<\/cite><\/blockquote>\n\n\n\n<h5 class=\"wp-block-heading\">Non scrivo mai, ma oggi s\u00ec.<\/h5>\n\n\n\n<p>Questo post \u00e8 scritto di getto, perch\u00e9 sentivo che non potevo non scriverlo. Quindi, mi perdonino i miei 3 lettori e mezzo (le mie figlie, mia moglie e il cane) se viene fuori qualche strafalcione, qualche imprecisione o qualche inesattezza. Ma perch\u00e9 a me, <em>homo incomunicabilis<\/em>, viene da scrivere un post <em>&#8220;di getto&#8221;?<\/em> Ve lo spiego subito.<\/p>\n\n\n\n<p>Fin dalla tenera et\u00e0 ci insegnano a non fidarci degli sconosciuti, a rispettare e ad amare le forze dell\u2019ordine e le istituzioni; ci insegnano che la legge garantisce il giusto nei confronti del disonesto, e che le persone dello Stato ci rappresentano e ci proteggono. Ecco, protetti: dovremmo dunque essere protetti da uno Stato che garantisce le libert\u00e0 e i diritti fondamentali di ciascuno di noi, e sentirci al sicuro.<\/p>\n\n\n\n<p>Poi cresciamo e cominciamo a sgomitare nel mondo alla ricerca del nostro posto, scontrandoci con una realt\u00e0 variopinta, un po&#8217; diversa da quella che ci aspettavamo, che a volte ci lascia sgomenti ma alla quale facciamo presto a restare assuefatti.<br>Certo, i furbetti\u2026 che nervi! A cominciare da chi salta la fila, o &#8220;elude&#8221; le tasse; vabb\u00e8, contenti loro, tanto il nostro turno arriva, e di tasse &#8211; se potessi &#8211; ne pagherei meno anch&#8217;io, che male c&#8217;\u00e8?<br>E i funzionari corrotti? Che rabbia, ma mica puoi controllare ogni singolo soggetto? E poi si sa che il potere induce in tentazione, chiss\u00e0 che cosa avrei fatto io al suo posto; e poi quell&#8217;episodio clamoroso che \u00e8 finito su tutti i giornali si \u00e8 verificato a Casal Puzzone, in Terronia del Sud. Qui si sta meglio, dai!<br>Vogliamo parlare della politica clientelare? Che ci vuoi fare, \u00e8 dai tempi dell&#8217;antica Roma (o prima ancora?) che qui funziona cos\u00ec. A proposito, devo fare gli auguri al Cav. Promessin, altrimenti pensa che io mi sia dimenticato di lui, e al prossimo giro elettorale non mi mette in lista!<br>E chi pi\u00f9 ne ha pi\u00f9 ne metta. <em>&#8220;Basta un poco di zucchero e la pillola va gi\u00f9&#8221;<\/em>, potremmo canticchiare.<\/p>\n\n\n\n<p>Fa tutto parte del gioco, mamma e pap\u00e0 ce lo spiegano presto, e altrettanto presto impariamo ad accettarlo: in teoria funziona tutto, ma in pratica dobbiamo fare i conti con chi, meglio di altri, sa sfruttare a proprio vantaggio le maglie larghe del sistema politico, legale, giudiziario. Da bravi cittadini dobbiamo promuovere la legalit\u00e0, denunciare i soprusi e fidarci dello Stato, che ha le spalle forti e alla fine prevale. Ma non sto raccontando nulla di nuovo.<\/p>\n\n\n\n<p>Ci\u00f2 che per\u00f2 l&#8217;altra sera mi ha fatto letteralmente cadere dalla sedia \u00e8 stato un servizio de Le Iene &#8211; <a href=\"https:\/\/www.iene.mediaset.it\/video\/viviani-prega-che-non-capiti-a-te-_1318593.shtml\" target=\"_blank\" rel=\"noreferrer noopener\">qui il link<\/a> &#8211; nel quale si mostra uno scenario degno degli scritti del miglior Franz Kafka: <strong>la menzogna che diventa verit\u00e0 di Stato<\/strong>.<\/p>\n\n\n\n<h5 class=\"wp-block-heading\">Riassumo brevemente i fatti<\/h5>\n\n\n\n<p>Un signore scopre, un bel giorno, che la villa che \u00e8 stata storicamente di propriet\u00e0 della sua famiglia, in cui ha trascorso i migliori anni della propria vita, \u00e8 stata appena venduta, ma lui non ne sa nulla. Vede gli operai al lavoro per una ristrutturazione che non ha mai commissionato. Incredulo, chiede spiegazioni, consulta le carte, e scopre che la propriet\u00e0 \u00e8 stata oggetto di un vago lascito testamentario, da parte di una sconosciuta e a favore di sconosciuti, ed \u00e8 successivamente stata venduta dagli &#8220;eredi&#8221; all&#8217;attuale &#8220;proprietario&#8221;. Il tutto autenticato da un notaio, cio\u00e8 dallo Stato. Dalle mie parti si dice <em>&#8220;Nun ce stanno santi&#8230;&#8221;<\/em>, l&#8217;atto \u00e8 ritenuto valido e per invalidarlo ci vuole un lungo e costoso processo, con i famosi tre gradi di giudizio. <strong>Pare che il notaio in questione sia protagonista di un altro episodio analogo<\/strong>, a favore dei medesimi beneficiari.<\/p>\n\n\n\n<p>Insomma, perdonate la metafora forte: <strong>un mascalzone, d&#8217;accordo con un funzionario di Stato, mi prende a bastonate, e lo Stato, garantista, mi tiene fermo.<\/strong> Chiaramente si tratta di una situazione paradossale generata dal falso presupposto che i notai siano esseri incorruttibili. Non posso non lasciare il beneficio del dubbio anche in questo caso, ma sicuramente i notai sono umani e dunque non perfetti. <\/p>\n\n\n\n<p>L&#8217;apparato statale ha sviluppato nel tempo determinati anticorpi contro l&#8217;abuso dei poteri che esso stesso concede, ma sono anticorpi di tipo &#8220;tradizionale&#8221;, di quelli che, nati per un motivo nobile, finiscono poi per rendere la nostra burocrazia una delle pi\u00f9 lente ed articolate del mondo. E c&#8217;\u00e8 il rischio concreto (o, in molti casi, la prospettiva scontata) che questi anticorpi finiscano per risolvere il problema quando \u00e8 troppo tardi, e ormai non serve o non conviene pi\u00f9 a nessuno modificare lo <em>status quo<\/em>.<\/p>\n\n\n\n<h5 class=\"wp-block-heading\">Tutto ci\u00f2 mi ricorda il motivo per il quale siamo nati<\/h5>\n\n\n\n<p><a href=\"https:\/\/www.adamantic.io\/\">Adamantic<\/a> \u00e8 nata con un obiettivo, dichiarato a chiare lettere nel nostro motto aziendale:<\/p>\n\n\n\n<blockquote class=\"wp-block-quote has-text-align-center is-layout-flow wp-block-quote-is-layout-flow\">\n<p><\/p>\n<cite><em>Innovation, Transparency, and Quality of Life. This is what we work for, every day.<\/em> <\/cite><\/blockquote>\n\n\n\n<p><strong>Innovazione, trasparenza, qualit\u00e0 della vita<\/strong>. Le tre cose sono profondamente collegate, ci crediamo sempre e da sempre. Se ci pensate, al venir meno di uno di questi fattori, gli altri cominciano a risentirne e a scemare in modo proporzionale, innescando un circolo vizioso. Al crescere di uno dei fattori invece, gli altri cominciano a beneficiarne e a crescere in modo altrettanto proporzionale, innescando un <strong>circolo virtuoso<\/strong>.<\/p>\n\n\n\n<p>Sappiamo che il vizio \u00e8 tenace, mentre la virt\u00f9 \u00e8 fragile: \u00e8 nella nostra natura umana. \u00c8 facile diventare &#8220;furbetti&#8221; quando si \u00e8 in difficolt\u00e0; meno facile \u00e8 resistere alla tentazione di <em>restare<\/em> &#8220;furbetti&#8221; una volta che se ne siano apprezzati gli oggettivi vantaggi (certo, ottenuti a scapito di altri e dei futuri s\u00e9 stessi, ma tant&#8217;\u00e8).<\/p>\n\n\n\n<p>Di conseguenza, tramutare una macchina sgangherata in un meccanismo efficiente ha storicamente richiesto delle <em><strong>rivoluzioni<\/strong><\/em>. Sperabilmente pacifiche, ma pur sempre rivoluzioni: nel modo di pensare, di percepire e di proiettare s\u00e9 stessi nel rapporto con gli altri in una prospettiva che pensi al futuro pi\u00f9 che al presente. E noi abbiamo fondato Adamantic perch\u00e9 crediamo fermamente che la blockchain possa portare ad una di queste rivoluzioni, da un punto di vista sociologico ancor prima che tecnologico.<\/p>\n\n\n\n<p>Il paradigma della <strong>decentralizzazione<\/strong> e della <strong>responsabilizzazione<\/strong> dell&#8217;individuo affonda le radici nella filosofia alla base dell&#8217;Umanesimo: esso, ricordiamo, pone al centro della realt\u00e0 l&#8217;<strong>uomo come individuo intelligente, libero e capace di dominare la realt\u00e0 esterna, di creare cose belle e di determinare da solo il proprio destino.<\/strong><\/p>\n\n\n\n<p>Il nostro intelletto fa s\u00ec che nel tempo inventiamo strumenti che ci consentano di vivere meglio, di vivere tutti. La nostra avidit\u00e0 fa s\u00ec che chi possiede o controlla questi strumenti ne faccia in genere un utilizzo a proprio vantaggio, e naturalmente a scapito del prossimo.<\/p>\n\n\n\n<h5 class=\"wp-block-heading\">In conclusione, un paio di domande<\/h5>\n\n\n\n<p>Dopo tanto dissertare, in questo mondo che sembra propinarci solo storture e mal di denti, non posso non chiedermi:<\/p>\n\n\n\n<ul class=\"wp-block-list\">\n<li>Se esistono modi per non doversi fidare di personaggi fallibili e di conseguenza nocivi per la societ\u00e0; se esistono tecnologie che ci consentono di <strong>riprendere il controllo<\/strong>, di verificare istantaneamente ci\u00f2 che viene dichiarato; se esistono stati che riescono, grazie a tali tecnologie, ad <strong>azzerare la burocrazia<\/strong> e a velocizzare tutti i processi amministrativi&#8230; insomma, <strong>se tutto questo \u00e8 a portata di mano, noi perch\u00e9 continuiamo ad associare la blockchain al trading di criptovalute?<\/strong><\/li>\n\n\n\n<li>Perch\u00e9 uno Stato come quello italiano, bisognoso fino alla morte di trasparenza e velocit\u00e0 amministrativa, declassa tuttora la blockchain a tecnologia di second&#8217;ordine?<\/li>\n\n\n\n<li>Perch\u00e9 ci si affida ancora ciecamente a soluzioni sorpassate e macchinose invece di investire in un progresso che ha tutte le potenzialit\u00e0 per divenire stabile e sicuro?<\/li>\n<\/ul>\n\n\n\n<p>Ma dico, voi tutti&#8230; <a href=\"https:\/\/www.adamantic.io\/ve-la-ricordate-la-blockchain\/\" target=\"_blank\" rel=\"noreferrer noopener\">Ve la ricordate la blockchain?<\/a><\/p>\n\n\n\n<p><\/p>\n","protected":false},"excerpt":{"rendered":"<p>In una societ\u00e0 che estremizza la centralizzazione del potere e fallisce nelle proprie attivit\u00e0 di garanzia \u00e8 sempre pi\u00f9 evidente la necessit\u00e0 di un cambio di paradigma socio-culturale, che miri a restituire al singolo cittadino la propria dignit\u00e0 e il controllo sulla propria dimensione.<\/p>\n","protected":false},"author":5,"featured_media":5421,"comment_status":"closed","ping_status":"closed","sticky":false,"template":"","format":"standard","meta":{"om_disable_all_campaigns":false,"_monsterinsights_skip_tracking":false,"_monsterinsights_sitenote_active":false,"_monsterinsights_sitenote_note":"","_monsterinsights_sitenote_category":0,"_uf_show_specific_survey":0,"_uf_disable_surveys":false,"footnotes":""},"categories":[70,16,111],"tags":[69,102,113,103,112],"class_list":["post-5404","post","type-post","status-publish","format-standard","has-post-thumbnail","hentry","category-blockchain","category-business","category-society","tag-blockchain","tag-comuni","tag-potere","tag-regioni","tag-stato"],"yoast_head":"<!-- This site is optimized with the Yoast SEO plugin v23.9 - https:\/\/yoast.com\/wordpress\/plugins\/seo\/ -->\n<title>Prega che non capiti a te... - Adamantic<\/title>\n<meta name=\"description\" content=\"Quando le istituzioni che dovrebbero garantirci falliscono miseramente, non resta che affidarsi alla tecnologia e riprendere il controllo.\" \/>\n<meta name=\"robots\" content=\"index, follow, max-snippet:-1, max-image-preview:large, max-video-preview:-1\" \/>\n<link rel=\"canonical\" href=\"https:\/\/www.adamantic.io\/en\/la-blockchain-tutela-quando-lo-stato-latita\/\" \/>\n<meta property=\"og:locale\" content=\"en_US\" \/>\n<meta property=\"og:type\" content=\"article\" \/>\n<meta property=\"og:title\" content=\"Prega che non capiti a te... - Adamantic\" \/>\n<meta property=\"og:description\" content=\"Quando le istituzioni che dovrebbero garantirci falliscono miseramente, non resta che affidarsi alla tecnologia e riprendere il controllo.\" \/>\n<meta property=\"og:url\" content=\"https:\/\/www.adamantic.io\/en\/la-blockchain-tutela-quando-lo-stato-latita\/\" \/>\n<meta property=\"og:site_name\" content=\"Adamantic\" \/>\n<meta property=\"article:published_time\" content=\"2024-03-15T11:50:15+00:00\" \/>\n<meta property=\"article:modified_time\" content=\"2026-02-17T13:12:37+00:00\" \/>\n<meta property=\"og:image\" content=\"https:\/\/www.adamantic.io\/wp-content\/uploads\/2024\/03\/articolo-Avviene-in-maniera-del-tutto-casuale.jpg\" \/>\n\t<meta property=\"og:image:width\" content=\"1170\" \/>\n\t<meta property=\"og:image:height\" content=\"570\" \/>\n\t<meta property=\"og:image:type\" content=\"image\/jpeg\" \/>\n<meta name=\"author\" content=\"Domenico Barra\" \/>\n<meta name=\"twitter:card\" content=\"summary_large_image\" \/>\n<meta name=\"twitter:label1\" content=\"Written by\" \/>\n\t<meta name=\"twitter:data1\" content=\"Domenico Barra\" \/>\n\t<meta name=\"twitter:label2\" content=\"Est. reading time\" \/>\n\t<meta name=\"twitter:data2\" content=\"7 minutes\" \/>\n<script type=\"application\/ld+json\" class=\"yoast-schema-graph\">{\"@context\":\"https:\/\/schema.org\",\"@graph\":[{\"@type\":\"WebPage\",\"@id\":\"https:\/\/www.adamantic.io\/en\/la-blockchain-tutela-quando-lo-stato-latita\/\",\"url\":\"https:\/\/www.adamantic.io\/en\/la-blockchain-tutela-quando-lo-stato-latita\/\",\"name\":\"Prega che non capiti a te... - Adamantic\",\"isPartOf\":{\"@id\":\"https:\/\/www.adamantic.io\/en\/#website\"},\"primaryImageOfPage\":{\"@id\":\"https:\/\/www.adamantic.io\/en\/la-blockchain-tutela-quando-lo-stato-latita\/#primaryimage\"},\"image\":{\"@id\":\"https:\/\/www.adamantic.io\/en\/la-blockchain-tutela-quando-lo-stato-latita\/#primaryimage\"},\"thumbnailUrl\":\"https:\/\/www.adamantic.io\/wp-content\/uploads\/2024\/03\/articolo-Avviene-in-maniera-del-tutto-casuale.jpg\",\"datePublished\":\"2024-03-15T11:50:15+00:00\",\"dateModified\":\"2026-02-17T13:12:37+00:00\",\"author\":{\"@id\":\"https:\/\/www.adamantic.io\/en\/#\/schema\/person\/ed2f8c5e67cc7ebc8018457745759531\"},\"description\":\"Quando le istituzioni che dovrebbero garantirci falliscono miseramente, non resta che affidarsi alla tecnologia e riprendere il controllo.\",\"breadcrumb\":{\"@id\":\"https:\/\/www.adamantic.io\/en\/la-blockchain-tutela-quando-lo-stato-latita\/#breadcrumb\"},\"inLanguage\":\"en-US\",\"potentialAction\":[{\"@type\":\"ReadAction\",\"target\":[\"https:\/\/www.adamantic.io\/en\/la-blockchain-tutela-quando-lo-stato-latita\/\"]}]},{\"@type\":\"ImageObject\",\"inLanguage\":\"en-US\",\"@id\":\"https:\/\/www.adamantic.io\/en\/la-blockchain-tutela-quando-lo-stato-latita\/#primaryimage\",\"url\":\"https:\/\/www.adamantic.io\/wp-content\/uploads\/2024\/03\/articolo-Avviene-in-maniera-del-tutto-casuale.jpg\",\"contentUrl\":\"https:\/\/www.adamantic.io\/wp-content\/uploads\/2024\/03\/articolo-Avviene-in-maniera-del-tutto-casuale.jpg\",\"width\":1170,\"height\":570},{\"@type\":\"BreadcrumbList\",\"@id\":\"https:\/\/www.adamantic.io\/en\/la-blockchain-tutela-quando-lo-stato-latita\/#breadcrumb\",\"itemListElement\":[{\"@type\":\"ListItem\",\"position\":1,\"name\":\"Home\",\"item\":\"https:\/\/www.adamantic.io\/en\/\"},{\"@type\":\"ListItem\",\"position\":2,\"name\":\"Prega che non capiti a te&#8230;\"}]},{\"@type\":\"WebSite\",\"@id\":\"https:\/\/www.adamantic.io\/en\/#website\",\"url\":\"https:\/\/www.adamantic.io\/en\/\",\"name\":\"Adamantic\",\"description\":\"IoT and Blockchain solutions\",\"potentialAction\":[{\"@type\":\"SearchAction\",\"target\":{\"@type\":\"EntryPoint\",\"urlTemplate\":\"https:\/\/www.adamantic.io\/en\/?s={search_term_string}\"},\"query-input\":{\"@type\":\"PropertyValueSpecification\",\"valueRequired\":true,\"valueName\":\"search_term_string\"}}],\"inLanguage\":\"en-US\"},{\"@type\":\"Person\",\"@id\":\"https:\/\/www.adamantic.io\/en\/#\/schema\/person\/ed2f8c5e67cc7ebc8018457745759531\",\"name\":\"Domenico Barra\",\"image\":{\"@type\":\"ImageObject\",\"inLanguage\":\"en-US\",\"@id\":\"https:\/\/www.adamantic.io\/en\/#\/schema\/person\/image\/\",\"url\":\"https:\/\/secure.gravatar.com\/avatar\/98e4caa27302555706d47b598c8b4866595c46eabca986e3a70069444431c337?s=96&d=mm&r=g\",\"contentUrl\":\"https:\/\/secure.gravatar.com\/avatar\/98e4caa27302555706d47b598c8b4866595c46eabca986e3a70069444431c337?s=96&d=mm&r=g\",\"caption\":\"Domenico Barra\"},\"sameAs\":[\"https:\/\/www.linkedin.com\/in\/domenicobarra\"],\"url\":\"https:\/\/www.adamantic.io\/en\/author\/domenico\/\"}]}<\/script>\n<!-- \/ Yoast SEO plugin. -->","yoast_head_json":{"title":"Prega che non capiti a te... - Adamantic","description":"Quando le istituzioni che dovrebbero garantirci falliscono miseramente, non resta che affidarsi alla tecnologia e riprendere il controllo.","robots":{"index":"index","follow":"follow","max-snippet":"max-snippet:-1","max-image-preview":"max-image-preview:large","max-video-preview":"max-video-preview:-1"},"canonical":"https:\/\/www.adamantic.io\/en\/la-blockchain-tutela-quando-lo-stato-latita\/","og_locale":"en_US","og_type":"article","og_title":"Prega che non capiti a te... - Adamantic","og_description":"Quando le istituzioni che dovrebbero garantirci falliscono miseramente, non resta che affidarsi alla tecnologia e riprendere il controllo.","og_url":"https:\/\/www.adamantic.io\/en\/la-blockchain-tutela-quando-lo-stato-latita\/","og_site_name":"Adamantic","article_published_time":"2024-03-15T11:50:15+00:00","article_modified_time":"2026-02-17T13:12:37+00:00","og_image":[{"width":1170,"height":570,"url":"https:\/\/www.adamantic.io\/wp-content\/uploads\/2024\/03\/articolo-Avviene-in-maniera-del-tutto-casuale.jpg","type":"image\/jpeg"}],"author":"Domenico Barra","twitter_card":"summary_large_image","twitter_misc":{"Written by":"Domenico Barra","Est. reading time":"7 minutes"},"schema":{"@context":"https:\/\/schema.org","@graph":[{"@type":"WebPage","@id":"https:\/\/www.adamantic.io\/en\/la-blockchain-tutela-quando-lo-stato-latita\/","url":"https:\/\/www.adamantic.io\/en\/la-blockchain-tutela-quando-lo-stato-latita\/","name":"Prega che non capiti a te... - Adamantic","isPartOf":{"@id":"https:\/\/www.adamantic.io\/en\/#website"},"primaryImageOfPage":{"@id":"https:\/\/www.adamantic.io\/en\/la-blockchain-tutela-quando-lo-stato-latita\/#primaryimage"},"image":{"@id":"https:\/\/www.adamantic.io\/en\/la-blockchain-tutela-quando-lo-stato-latita\/#primaryimage"},"thumbnailUrl":"https:\/\/www.adamantic.io\/wp-content\/uploads\/2024\/03\/articolo-Avviene-in-maniera-del-tutto-casuale.jpg","datePublished":"2024-03-15T11:50:15+00:00","dateModified":"2026-02-17T13:12:37+00:00","author":{"@id":"https:\/\/www.adamantic.io\/en\/#\/schema\/person\/ed2f8c5e67cc7ebc8018457745759531"},"description":"Quando le istituzioni che dovrebbero garantirci falliscono miseramente, non resta che affidarsi alla tecnologia e riprendere il controllo.","breadcrumb":{"@id":"https:\/\/www.adamantic.io\/en\/la-blockchain-tutela-quando-lo-stato-latita\/#breadcrumb"},"inLanguage":"en-US","potentialAction":[{"@type":"ReadAction","target":["https:\/\/www.adamantic.io\/en\/la-blockchain-tutela-quando-lo-stato-latita\/"]}]},{"@type":"ImageObject","inLanguage":"en-US","@id":"https:\/\/www.adamantic.io\/en\/la-blockchain-tutela-quando-lo-stato-latita\/#primaryimage","url":"https:\/\/www.adamantic.io\/wp-content\/uploads\/2024\/03\/articolo-Avviene-in-maniera-del-tutto-casuale.jpg","contentUrl":"https:\/\/www.adamantic.io\/wp-content\/uploads\/2024\/03\/articolo-Avviene-in-maniera-del-tutto-casuale.jpg","width":1170,"height":570},{"@type":"BreadcrumbList","@id":"https:\/\/www.adamantic.io\/en\/la-blockchain-tutela-quando-lo-stato-latita\/#breadcrumb","itemListElement":[{"@type":"ListItem","position":1,"name":"Home","item":"https:\/\/www.adamantic.io\/en\/"},{"@type":"ListItem","position":2,"name":"Prega che non capiti a te&#8230;"}]},{"@type":"WebSite","@id":"https:\/\/www.adamantic.io\/en\/#website","url":"https:\/\/www.adamantic.io\/en\/","name":"Adamantic","description":"IoT and Blockchain solutions","potentialAction":[{"@type":"SearchAction","target":{"@type":"EntryPoint","urlTemplate":"https:\/\/www.adamantic.io\/en\/?s={search_term_string}"},"query-input":{"@type":"PropertyValueSpecification","valueRequired":true,"valueName":"search_term_string"}}],"inLanguage":"en-US"},{"@type":"Person","@id":"https:\/\/www.adamantic.io\/en\/#\/schema\/person\/ed2f8c5e67cc7ebc8018457745759531","name":"Domenico Barra","image":{"@type":"ImageObject","inLanguage":"en-US","@id":"https:\/\/www.adamantic.io\/en\/#\/schema\/person\/image\/","url":"https:\/\/secure.gravatar.com\/avatar\/98e4caa27302555706d47b598c8b4866595c46eabca986e3a70069444431c337?s=96&d=mm&r=g","contentUrl":"https:\/\/secure.gravatar.com\/avatar\/98e4caa27302555706d47b598c8b4866595c46eabca986e3a70069444431c337?s=96&d=mm&r=g","caption":"Domenico Barra"},"sameAs":["https:\/\/www.linkedin.com\/in\/domenicobarra"],"url":"https:\/\/www.adamantic.io\/en\/author\/domenico\/"}]}},"views":2312,"_links":{"self":[{"href":"https:\/\/www.adamantic.io\/en\/wp-json\/wp\/v2\/posts\/5404","targetHints":{"allow":["GET"]}}],"collection":[{"href":"https:\/\/www.adamantic.io\/en\/wp-json\/wp\/v2\/posts"}],"about":[{"href":"https:\/\/www.adamantic.io\/en\/wp-json\/wp\/v2\/types\/post"}],"author":[{"embeddable":true,"href":"https:\/\/www.adamantic.io\/en\/wp-json\/wp\/v2\/users\/5"}],"replies":[{"embeddable":true,"href":"https:\/\/www.adamantic.io\/en\/wp-json\/wp\/v2\/comments?post=5404"}],"version-history":[{"count":13,"href":"https:\/\/www.adamantic.io\/en\/wp-json\/wp\/v2\/posts\/5404\/revisions"}],"predecessor-version":[{"id":5420,"href":"https:\/\/www.adamantic.io\/en\/wp-json\/wp\/v2\/posts\/5404\/revisions\/5420"}],"wp:featuredmedia":[{"embeddable":true,"href":"https:\/\/www.adamantic.io\/en\/wp-json\/wp\/v2\/media\/5421"}],"wp:attachment":[{"href":"https:\/\/www.adamantic.io\/en\/wp-json\/wp\/v2\/media?parent=5404"}],"wp:term":[{"taxonomy":"category","embeddable":true,"href":"https:\/\/www.adamantic.io\/en\/wp-json\/wp\/v2\/categories?post=5404"},{"taxonomy":"post_tag","embeddable":true,"href":"https:\/\/www.adamantic.io\/en\/wp-json\/wp\/v2\/tags?post=5404"}],"curies":[{"name":"wp","href":"https:\/\/api.w.org\/{rel}","templated":true}]}}